{"id":4401,"date":"2026-04-29T09:55:06Z","date_gmt":"2026-04-29T07:55:06Z","guid":{"rendered":"https:\/\/presse.allergosan.com\/de-at\/?p=4401"},"modified":"2026-04-29T10:15:11Z","modified_gmt":"2026-04-29T08:15:11Z","slug":"omni-biotic-ist-probiotika-marke-nr-1-in-europa","status":"publish","type":"post","link":"https:\/\/presse.allergosan.com\/de-at\/2026\/04\/29\/omni-biotic-ist-probiotika-marke-nr-1-in-europa\/","title":{"rendered":"OMNi-BiOTiC\u00ae ist Probiotika-Marke Nr. 1 in Europa*"},"content":{"rendered":"\t\t<div data-elementor-type=\"wp-post\" data-elementor-id=\"4401\" class=\"elementor elementor-4401\" data-elementor-post-type=\"post\">\n\t\t\t\t<div class=\"elementor-element elementor-element-580cf6e e-con-full obcs none e-flex e-con e-parent\" data-id=\"580cf6e\" data-element_type=\"container\" data-e-type=\"container\" data-settings=\"{&quot;background_background&quot;:&quot;classic&quot;}\">\n\t\t\t\t<\/div>\n\t\t<div class=\"elementor-element elementor-element-dd140ea obcs none e-flex e-con-boxed e-con e-parent\" data-id=\"dd140ea\" data-element_type=\"container\" data-e-type=\"container\">\n\t\t\t\t\t<div class=\"e-con-inner\">\n\t\t\t\t<div class=\"elementor-element elementor-element-e8b73b2 elementor-widget elementor-widget-heading\" data-id=\"e8b73b2\" data-element_type=\"widget\" data-e-type=\"widget\" data-widget_type=\"heading.default\">\n\t\t\t\t<div class=\"elementor-widget-container\">\n\t\t\t\t\t<h2 class=\"elementor-heading-title elementor-size-default\">OMNi-BiOTiC\u00ae ist Probiotika-Marke Nr. 1 in Europa*<\/h2>\t\t\t\t<\/div>\n\t\t\t\t<\/div>\n\t\t\t\t<div class=\"elementor-element elementor-element-03e937e elementor-widget elementor-widget-text-editor\" data-id=\"03e937e\" data-element_type=\"widget\" data-e-type=\"widget\" data-widget_type=\"text-editor.default\">\n\t\t\t\t<div class=\"elementor-widget-container\">\n\t\t\t\t\t\t\t\t\t<p>Am Anfang stand ein Schicksalsschlag, der Anita Frauwallner zur Erforschung von Darmgesundheit und der Kraft der Bakterien f\u00fchrte. Mit OMNi-BiOTiC\u00ae 6 brachte sie 1995 das erste Multispezies-Probiotikum auf den Markt. Heute, drei Jahrzehnte und mehr als 20 Produkte sp\u00e4ter, ist OMNi-BiOTiC\u00ae die Nr.-1-Probiotika-Marke Europas.<\/p>\t\t\t\t\t\t\t\t<\/div>\n\t\t\t\t<\/div>\n\t\t\t\t<div class=\"elementor-element elementor-element-7092f54 elementor-widget elementor-widget-text-editor\" data-id=\"7092f54\" data-element_type=\"widget\" data-e-type=\"widget\" data-widget_type=\"text-editor.default\">\n\t\t\t\t<div class=\"elementor-widget-container\">\n\t\t\t\t\t\t\t\t\t<p><strong>Graz, April 2026<\/strong><\/p>\t\t\t\t\t\t\t\t<\/div>\n\t\t\t\t<\/div>\n\t\t\t\t<div class=\"elementor-element elementor-element-ff7ef31 elementor-widget elementor-widget-text-editor\" data-id=\"ff7ef31\" data-element_type=\"widget\" data-e-type=\"widget\" data-widget_type=\"text-editor.default\">\n\t\t\t\t<div class=\"elementor-widget-container\">\n\t\t\t\t\t\t\t\t\t<p><strong>Ausgezeichnete Forschungsarbeit und viel Bauchgef\u00fchl<\/strong><\/p>\t\t\t\t\t\t\t\t<\/div>\n\t\t\t\t<\/div>\n\t\t\t\t<div class=\"elementor-element elementor-element-0fdf070 elementor-widget elementor-widget-text-editor\" data-id=\"0fdf070\" data-element_type=\"widget\" data-e-type=\"widget\" data-widget_type=\"text-editor.default\">\n\t\t\t\t<div class=\"elementor-widget-container\">\n\t\t\t\t\t\t\t\t\t<p>Hinter jedem OMNi-BiOTiC\u00ae-Produkt steht jahrzehntelange Forschungsarbeit, wissenschaftliche Pr\u00e4zision, pers\u00f6nliche \u00dcberzeugung und die Zusammenarbeit mit 70 renommierten Universit\u00e4ten und Forschungseinrichtungen weltweit: etwa mit der Charit\u00e9 Berlin, dem Universit\u00e4tsklinikum Kiel, dem Universit\u00e4tsspital Z\u00fcrich, oder auch mit der p\u00e4pstlichen Clinica Gemelli in Rom. 150 Studien zeigen, wie gro\u00df der Einfluss ist, den gezielt eingesetzte Bakterienst\u00e4mme in k\u00f6rperlichen und psychischen Bereichen haben, z. B. f\u00fcr mentale Gesundheit oder bei funktionellen Schmerzsyndromen. Die wissenschaftliche Leistung der OMNi-BiOTiC\u00ae HETOX-Studie des Institut AllergoSan wurde auf der \u201eLiver Week\u201c der American Association for the Study of Liver Diseases unter 10.000 eingereichten Studien als herausragende Arbeit ausgezeichnet, omni biotic SR-9 erhielt 2021 den renommierten NutraIngredients USA Award als \u201eProdukt des Jahres\u201c.<\/p><p>Mit der Platzierung als Nummer 1 auf dem europ\u00e4ischen Markt ist nun ein weiterer Meilenstein in der Erfolgsgeschichte von OMNi-BiOTiC\u00ae erreicht.<\/p><p>\u201eDarmbakterien sind echte Superhelden mit enorm viel K\u00f6nnen, und ich w\u00fcnsche mir, dass Menschen \u00fcberall auf der Welt ihre Unterst\u00fctzung im eigenen K\u00f6rper sp\u00fcren. Daher werde ich auch weiterhin intensiv mit internationalen Experten aus Medizin, Biologie, Pharmazie und Biochemie zusammenarbeiten und die Forschungsarbeit auf diesem Gebiet vorantreiben. Diesen Weg werde ich unbeirrt wie bisher weitergehen, auch um mein Herzensanliegen Realit\u00e4t werden zu lassen: Probiotika m\u00fcssen fest in unsere Gesundheitssysteme integriert werden. Denn wenn wir die Kraft unserer Darmbakterien bewusst nutzen, k\u00f6nnen wir Gesundheit bewahren, lange bevor Krankheit entsteht.\u201c Prof. Anita Frauwallner, Gr\u00fcnderin des Institut AllergoSan<\/p>\t\t\t\t\t\t\t\t<\/div>\n\t\t\t\t<\/div>\n\t\t\t\t<div class=\"elementor-element elementor-element-47227bb elementor-widget elementor-widget-image\" data-id=\"47227bb\" data-element_type=\"widget\" data-e-type=\"widget\" data-widget_type=\"image.default\">\n\t\t\t\t<div class=\"elementor-widget-container\">\n\t\t\t\t\t\t\t\t\t\t\t\t\t\t\t<img fetchpriority=\"high\" decoding=\"async\" width=\"800\" height=\"533\" src=\"https:\/\/presse.allergosan.com\/de-at\/wp-content\/uploads\/sites\/2\/2026\/04\/SKI-3-1024x682.jpg\" class=\"attachment-large size-large wp-image-4404\" alt=\"\" srcset=\"https:\/\/presse.allergosan.com\/de-at\/wp-content\/uploads\/sites\/2\/2026\/04\/SKI-3-1024x682.jpg 1024w, https:\/\/presse.allergosan.com\/de-at\/wp-content\/uploads\/sites\/2\/2026\/04\/SKI-3-300x200.jpg 300w, https:\/\/presse.allergosan.com\/de-at\/wp-content\/uploads\/sites\/2\/2026\/04\/SKI-3-768x512.jpg 768w, https:\/\/presse.allergosan.com\/de-at\/wp-content\/uploads\/sites\/2\/2026\/04\/SKI-3-1536x1024.jpg 1536w, https:\/\/presse.allergosan.com\/de-at\/wp-content\/uploads\/sites\/2\/2026\/04\/SKI-3-2048x1365.jpg 2048w, https:\/\/presse.allergosan.com\/de-at\/wp-content\/uploads\/sites\/2\/2026\/04\/SKI-3-1920x1279.jpg 1920w\" sizes=\"(max-width: 800px) 100vw, 800px\" \/>\t\t\t\t\t\t\t\t\t\t\t\t\t\t\t<\/div>\n\t\t\t\t<\/div>\n\t\t\t\t<div class=\"elementor-element elementor-element-fd4bb8d elementor-widget elementor-widget-text-editor\" data-id=\"fd4bb8d\" data-element_type=\"widget\" data-e-type=\"widget\" data-widget_type=\"text-editor.default\">\n\t\t\t\t<div class=\"elementor-widget-container\">\n\t\t\t\t\t\t\t\t\t<p><strong>Latest news: Endlich mehr Power!<\/strong><\/p><p>Jetzt neu im Team: Ein\u00a0<a href=\"https:\/\/www.omni-biotic.com\/de-at\/produkt\/omni-biotic-power-direkt-sticks\/\" target=\"_blank\" rel=\"noopener\">probiotischer Power Stick<\/a>\u00a0f\u00fcr Menschen, die im Alltag oder Sport besonders gefordert sind, zur gezielten Erg\u00e4nzung der Darmflora in anspruchsvollen Zeiten. Er kombiniert 6 studiengepr\u00fcfte Bakterienst\u00e4mme, erg\u00e4nzt mit Magnesium und Vitamin C.<\/p><p>*IQVIA Consumer Health Customized Insight Study<\/p><p><strong>\u00dcber das Institut AllergoSan<\/strong><\/p><p>Das Institut AllergoSan mit Sitz in Graz, \u00d6sterreich, wurde 1991 von einer Gruppe integrativ denkender \u00c4rzte und Apotheker gemeinsam mit Prof. Anita Frauwallner gegr\u00fcndet. Seither besch\u00e4ftigt sich das Unternehmen mit der wissenschaftlichen Erforschung und Entwicklung von Produkten aus nat\u00fcrlichen Stoffen wie probiotischen Bakterien, Ballaststoffen, Mikron\u00e4hrstoffen und Pflanzenextrakten. Durch die intensive Zusammenarbeit des Institut AllergoSan mit anerkannten Wissenschaftlern aus Medizin, Pharmazie und Mikrobiologie gelang es, ein renommiertes Forschungs- und Kompetenzzentrum rund um das gr\u00f6\u00dfte Organ des Menschen \u2013 den Darm \u2013 aufzubauen. Hieraus sind unter anderem die Produktserien OMNi-BiOTiC\u00ae \u2013 die Nummer 1 Probiotika-Marke Europas \u2013, OMNi-LOGiC\u00ae und META-CARE\u00ae sowie OMNi-POWER\u00ae entstanden.<\/p>\t\t\t\t\t\t\t\t<\/div>\n\t\t\t\t<\/div>\n\t\t\t\t\t<\/div>\n\t\t\t\t<\/div>\n\t\t<div class=\"elementor-element elementor-element-08ce9fe obcs none e-flex e-con-boxed e-con e-parent\" data-id=\"08ce9fe\" data-element_type=\"container\" data-e-type=\"container\">\n\t\t\t\t\t<div class=\"e-con-inner\">\n\t\t\t\t<div class=\"elementor-element elementor-element-3648298 elementor-align-center elementor-tablet-align-left elementor-widget elementor-widget-button\" data-id=\"3648298\" data-element_type=\"widget\" data-e-type=\"widget\" data-widget_type=\"button.default\">\n\t\t\t\t<div class=\"elementor-widget-container\">\n\t\t\t\t\t\t\t\t\t<div class=\"elementor-button-wrapper\">\n\t\t\t\t\t<a class=\"elementor-button elementor-button-link elementor-size-sm\" href=\"https:\/\/presse.allergosan.com\/de-at\/wp-content\/uploads\/sites\/2\/2026\/04\/Nr.1_Probiotikamarke_in_Europa_PM.pdf\">\n\t\t\t\t\t\t<span class=\"elementor-button-content-wrapper\">\n\t\t\t\t\t\t\t\t\t<span class=\"elementor-button-text\">Bericht downloaden<\/span>\n\t\t\t\t\t<\/span>\n\t\t\t\t\t<\/a>\n\t\t\t\t<\/div>\n\t\t\t\t\t\t\t\t<\/div>\n\t\t\t\t<\/div>\n\t\t\t\t\t<\/div>\n\t\t\t\t<\/div>\n\t\t<div class=\"elementor-element elementor-element-9f3106b obcs none e-flex e-con-boxed e-con e-parent\" data-id=\"9f3106b\" data-element_type=\"container\" data-e-type=\"container\">\n\t\t\t\t\t<div class=\"e-con-inner\">\n\t\t\t\t<div class=\"elementor-element elementor-element-ad29ffb elementor-share-buttons--skin-flat elementor-share-buttons--shape-rounded elementor-share-buttons--view-icon-text elementor-grid-0 elementor-share-buttons--color-official elementor-widget elementor-widget-share-buttons\" data-id=\"ad29ffb\" data-element_type=\"widget\" data-e-type=\"widget\" data-widget_type=\"share-buttons.default\">\n\t\t\t\t<div class=\"elementor-widget-container\">\n\t\t\t\t\t\t\t<div class=\"elementor-grid\" role=\"list\">\n\t\t\t\t\t\t\t\t<div class=\"elementor-grid-item\" role=\"listitem\">\n\t\t\t\t\t\t<div class=\"elementor-share-btn elementor-share-btn_facebook\" role=\"button\" tabindex=\"0\" aria-label=\"Teilen auf facebook\">\n\t\t\t\t\t\t\t\t\t\t\t\t\t\t\t<span class=\"elementor-share-btn__icon\">\n\t\t\t\t\t\t\t\t<svg aria-hidden=\"true\" class=\"e-font-icon-svg e-fab-facebook\" viewBox=\"0 0 512 512\" xmlns=\"http:\/\/www.w3.org\/2000\/svg\"><path d=\"M504 256C504 119 393 8 256 8S8 119 8 256c0 123.78 90.69 226.38 209.25 245V327.69h-63V256h63v-54.64c0-62.15 37-96.48 93.67-96.48 27.14 0 55.52 4.84 55.52 4.84v61h-31.28c-30.8 0-40.41 19.12-40.41 38.73V256h68.78l-11 71.69h-57.78V501C413.31 482.38 504 379.78 504 256z\"><\/path><\/svg>\t\t\t\t\t\t\t<\/span>\n\t\t\t\t\t\t\t\t\t\t\t\t\t\t\t\t\t\t\t\t\t\t<div class=\"elementor-share-btn__text\">\n\t\t\t\t\t\t\t\t\t\t\t\t\t\t\t\t\t\t\t<span class=\"elementor-share-btn__title\">\n\t\t\t\t\t\t\t\t\t\tTeilen\t\t\t\t\t\t\t\t\t<\/span>\n\t\t\t\t\t\t\t\t\t\t\t\t\t\t\t\t\t<\/div>\n\t\t\t\t\t\t\t\t\t\t\t\t\t<\/div>\n\t\t\t\t\t<\/div>\n\t\t\t\t\t\t\t\t\t<div class=\"elementor-grid-item\" role=\"listitem\">\n\t\t\t\t\t\t<div class=\"elementor-share-btn elementor-share-btn_twitter\" role=\"button\" tabindex=\"0\" aria-label=\"Teilen auf twitter\">\n\t\t\t\t\t\t\t\t\t\t\t\t\t\t\t<span class=\"elementor-share-btn__icon\">\n\t\t\t\t\t\t\t\t<svg aria-hidden=\"true\" class=\"e-font-icon-svg e-fab-twitter\" viewBox=\"0 0 512 512\" xmlns=\"http:\/\/www.w3.org\/2000\/svg\"><path d=\"M459.37 151.716c.325 4.548.325 9.097.325 13.645 0 138.72-105.583 298.558-298.558 298.558-59.452 0-114.68-17.219-161.137-47.106 8.447.974 16.568 1.299 25.34 1.299 49.055 0 94.213-16.568 130.274-44.832-46.132-.975-84.792-31.188-98.112-72.772 6.498.974 12.995 1.624 19.818 1.624 9.421 0 18.843-1.3 27.614-3.573-48.081-9.747-84.143-51.98-84.143-102.985v-1.299c13.969 7.797 30.214 12.67 47.431 13.319-28.264-18.843-46.781-51.005-46.781-87.391 0-19.492 5.197-37.36 14.294-52.954 51.655 63.675 129.3 105.258 216.365 109.807-1.624-7.797-2.599-15.918-2.599-24.04 0-57.828 46.782-104.934 104.934-104.934 30.213 0 57.502 12.67 76.67 33.137 23.715-4.548 46.456-13.32 66.599-25.34-7.798 24.366-24.366 44.833-46.132 57.827 21.117-2.273 41.584-8.122 60.426-16.243-14.292 20.791-32.161 39.308-52.628 54.253z\"><\/path><\/svg>\t\t\t\t\t\t\t<\/span>\n\t\t\t\t\t\t\t\t\t\t\t\t\t\t\t\t\t\t\t\t\t\t<div class=\"elementor-share-btn__text\">\n\t\t\t\t\t\t\t\t\t\t\t\t\t\t\t\t\t\t\t<span class=\"elementor-share-btn__title\">\n\t\t\t\t\t\t\t\t\t\tTeilen\t\t\t\t\t\t\t\t\t<\/span>\n\t\t\t\t\t\t\t\t\t\t\t\t\t\t\t\t\t<\/div>\n\t\t\t\t\t\t\t\t\t\t\t\t\t<\/div>\n\t\t\t\t\t<\/div>\n\t\t\t\t\t\t\t\t\t<div class=\"elementor-grid-item\" role=\"listitem\">\n\t\t\t\t\t\t<div class=\"elementor-share-btn elementor-share-btn_linkedin\" role=\"button\" tabindex=\"0\" aria-label=\"Teilen auf linkedin\">\n\t\t\t\t\t\t\t\t\t\t\t\t\t\t\t<span class=\"elementor-share-btn__icon\">\n\t\t\t\t\t\t\t\t<svg aria-hidden=\"true\" class=\"e-font-icon-svg e-fab-linkedin\" viewBox=\"0 0 448 512\" xmlns=\"http:\/\/www.w3.org\/2000\/svg\"><path d=\"M416 32H31.9C14.3 32 0 46.5 0 64.3v383.4C0 465.5 14.3 480 31.9 480H416c17.6 0 32-14.5 32-32.3V64.3c0-17.8-14.4-32.3-32-32.3zM135.4 416H69V202.2h66.5V416zm-33.2-243c-21.3 0-38.5-17.3-38.5-38.5S80.9 96 102.2 96c21.2 0 38.5 17.3 38.5 38.5 0 21.3-17.2 38.5-38.5 38.5zm282.1 243h-66.4V312c0-24.8-.5-56.7-34.5-56.7-34.6 0-39.9 27-39.9 54.9V416h-66.4V202.2h63.7v29.2h.9c8.9-16.8 30.6-34.5 62.9-34.5 67.2 0 79.7 44.3 79.7 101.9V416z\"><\/path><\/svg>\t\t\t\t\t\t\t<\/span>\n\t\t\t\t\t\t\t\t\t\t\t\t\t\t\t\t\t\t\t\t\t\t<div class=\"elementor-share-btn__text\">\n\t\t\t\t\t\t\t\t\t\t\t\t\t\t\t\t\t\t\t<span class=\"elementor-share-btn__title\">\n\t\t\t\t\t\t\t\t\t\tTeilen\t\t\t\t\t\t\t\t\t<\/span>\n\t\t\t\t\t\t\t\t\t\t\t\t\t\t\t\t\t<\/div>\n\t\t\t\t\t\t\t\t\t\t\t\t\t<\/div>\n\t\t\t\t\t<\/div>\n\t\t\t\t\t\t\t\t\t<div class=\"elementor-grid-item\" role=\"listitem\">\n\t\t\t\t\t\t<div class=\"elementor-share-btn elementor-share-btn_email\" role=\"button\" tabindex=\"0\" aria-label=\"Teilen auf email\">\n\t\t\t\t\t\t\t\t\t\t\t\t\t\t\t<span class=\"elementor-share-btn__icon\">\n\t\t\t\t\t\t\t\t<svg aria-hidden=\"true\" class=\"e-font-icon-svg e-fas-envelope\" viewBox=\"0 0 512 512\" xmlns=\"http:\/\/www.w3.org\/2000\/svg\"><path d=\"M502.3 190.8c3.9-3.1 9.7-.2 9.7 4.7V400c0 26.5-21.5 48-48 48H48c-26.5 0-48-21.5-48-48V195.6c0-5 5.7-7.8 9.7-4.7 22.4 17.4 52.1 39.5 154.1 113.6 21.1 15.4 56.7 47.8 92.2 47.6 35.7.3 72-32.8 92.3-47.6 102-74.1 131.6-96.3 154-113.7zM256 320c23.2.4 56.6-29.2 73.4-41.4 132.7-96.3 142.8-104.7 173.4-128.7 5.8-4.5 9.2-11.5 9.2-18.9v-19c0-26.5-21.5-48-48-48H48C21.5 64 0 85.5 0 112v19c0 7.4 3.4 14.3 9.2 18.9 30.6 23.9 40.7 32.4 173.4 128.7 16.8 12.2 50.2 41.8 73.4 41.4z\"><\/path><\/svg>\t\t\t\t\t\t\t<\/span>\n\t\t\t\t\t\t\t\t\t\t\t\t\t\t\t\t\t\t\t\t\t\t<div class=\"elementor-share-btn__text\">\n\t\t\t\t\t\t\t\t\t\t\t\t\t\t\t\t\t\t\t<span class=\"elementor-share-btn__title\">\n\t\t\t\t\t\t\t\t\t\tTeilen\t\t\t\t\t\t\t\t\t<\/span>\n\t\t\t\t\t\t\t\t\t\t\t\t\t\t\t\t\t<\/div>\n\t\t\t\t\t\t\t\t\t\t\t\t\t<\/div>\n\t\t\t\t\t<\/div>\n\t\t\t\t\t\t<\/div>\n\t\t\t\t\t\t<\/div>\n\t\t\t\t<\/div>\n\t\t\t\t\t<\/div>\n\t\t\t\t<\/div>\n\t\t\t\t<\/div>\n\t\t","protected":false},"excerpt":{"rendered":"<p>OMNi-BiOTiC\u00ae ist Probiotika-Marke Nr. 1 in Europa* Am Anfang stand ein Schicksalsschlag, der Anita Frauwallner zur Erforschung von Darmgesundheit und der Kraft der Bakterien f\u00fchrte. Mit OMNi-BiOTiC\u00ae 6 brachte sie 1995 das erste Multispezies-Probiotikum auf den Markt. Heute, drei Jahrzehnte und mehr als 20 Produkte sp\u00e4ter, ist OMNi-BiOTiC\u00ae die Nr.-1-Probiotika-Marke Europas. Graz, April 2026 Ausgezeichnete [&hellip;]<\/p>\n","protected":false},"author":8,"featured_media":4409,"comment_status":"open","ping_status":"open","sticky":false,"template":"","format":"standard","meta":{"_acf_changed":false,"footnotes":""},"categories":[1],"tags":[],"class_list":["post-4401","post","type-post","status-publish","format-standard","has-post-thumbnail","hentry","category-allgemein"],"acf":[],"rank_math":[],"blog_info":{"country":"de-at"},"_links":{"self":[{"href":"https:\/\/presse.allergosan.com\/de-at\/wp-json\/wp\/v2\/posts\/4401","targetHints":{"allow":["GET"]}}],"collection":[{"href":"https:\/\/presse.allergosan.com\/de-at\/wp-json\/wp\/v2\/posts"}],"about":[{"href":"https:\/\/presse.allergosan.com\/de-at\/wp-json\/wp\/v2\/types\/post"}],"author":[{"embeddable":true,"href":"https:\/\/presse.allergosan.com\/de-at\/wp-json\/wp\/v2\/users\/8"}],"replies":[{"embeddable":true,"href":"https:\/\/presse.allergosan.com\/de-at\/wp-json\/wp\/v2\/comments?post=4401"}],"version-history":[{"count":7,"href":"https:\/\/presse.allergosan.com\/de-at\/wp-json\/wp\/v2\/posts\/4401\/revisions"}],"predecessor-version":[{"id":4413,"href":"https:\/\/presse.allergosan.com\/de-at\/wp-json\/wp\/v2\/posts\/4401\/revisions\/4413"}],"wp:featuredmedia":[{"embeddable":true,"href":"https:\/\/presse.allergosan.com\/de-at\/wp-json\/wp\/v2\/media\/4409"}],"wp:attachment":[{"href":"https:\/\/presse.allergosan.com\/de-at\/wp-json\/wp\/v2\/media?parent=4401"}],"wp:term":[{"taxonomy":"category","embeddable":true,"href":"https:\/\/presse.allergosan.com\/de-at\/wp-json\/wp\/v2\/categories?post=4401"},{"taxonomy":"post_tag","embeddable":true,"href":"https:\/\/presse.allergosan.com\/de-at\/wp-json\/wp\/v2\/tags?post=4401"}],"curies":[{"name":"wp","href":"https:\/\/api.w.org\/{rel}","templated":true}]}}